{"id":541,"date":"2020-05-03T07:00:28","date_gmt":"2020-05-03T07:00:28","guid":{"rendered":"http:\/\/studioventricelli.it\/?p=541"},"modified":"2020-05-03T07:00:38","modified_gmt":"2020-05-03T07:00:38","slug":"cure-odontoiatriche-e-covid-19","status":"publish","type":"post","link":"https:\/\/studioventricelli.it\/wp17\/cure-odontoiatriche-e-covid-19\/","title":{"rendered":"Cure odontoiatriche e Covid-19"},"content":{"rendered":"<p>[et_pb_section fb_built=&#8221;1&#8243; _builder_version=&#8221;3.22&#8243;][et_pb_row _builder_version=&#8221;3.25&#8243; background_size=&#8221;initial&#8221; background_position=&#8221;top_left&#8221; background_repeat=&#8221;repeat&#8221;][et_pb_column type=&#8221;4_4&#8243; _builder_version=&#8221;3.25&#8243; custom_padding=&#8221;|||&#8221; custom_padding__hover=&#8221;|||&#8221;][et_pb_text _builder_version=&#8221;3.27.4&#8243; background_size=&#8221;initial&#8221; background_position=&#8221;top_left&#8221; background_repeat=&#8221;repeat&#8221;]<!-- divi:paragraph --><\/p>\n<p>Siamo consapevoli del fatto che il sottoporsi a cure odontoiatriche possa creare qualche apprensione a causa del Covid-19. La vostra preoccupazione \u00e8 pienamente condivisa da noi operatori sanitari che siamo i pi\u00f9 esposti al rischio ma, proprio per questo, informati e preparati per affrontare il problema. Il nostro lavoro da sempre ci ha obbligati a mettere in atto tutti i protocolli necessari alla prevenzione delle infezioni crociate perch\u00e9 nella bocca ci sono molte decine di specie diverse di microbi che possono causare diverse malattie. Tutto il personale dello studio \u00e8 quindi da sempre in grado di gestire il problema.<\/p>\n<p><!-- \/divi:paragraph --><\/p>\n<p><!-- divi:paragraph --><\/p>\n<p>E\u2019 chiaro che il Covid-19 \u00e8 un virus nuovo e molto contagioso che ci ha cambiato la vita ma con il quale dobbiamo imparare a convivere. Per quanto ci riguarda, siamo costantemente informati sulle pratiche consigliate dal Ministero della Salute e dalle Societ\u00e0 scientifiche, che mettiamo in pratica nel modo pi\u00f9 scrupoloso e tempestivo possibile. <\/p>\n<p><!-- \/divi:paragraph --><\/p>\n<p><!-- divi:paragraph --><\/p>\n<p>Purtroppo tutto ci\u00f2 avr\u00e0 un costo economico: \u00e8 noto che per via dell\u2019emergenza il prezzo dei dispositivi di protezione individuale e dei disinfettanti \u00e8 aumentato in modo talvolta ingiustificato. Inoltre, dovremo adottare delle procedure di sanificazione e sanitizzazione che richiederanno pi\u00f9 tempo per essere messe in atto e che ci obbligheranno a ricevere meno pazienti. Questo dovrebbe comportare un ricarico sul prezzo delle prestazioni che eroghiamo. <\/p>\n<p><!-- \/divi:paragraph --><\/p>\n<p><!-- divi:paragraph --><\/p>\n<p>Tuttavia, questo maledetto virus ci ha anche indebolito tutti sul piano economico. Pertanto, abbiamo deciso di andare incontro ai nostri pazienti caricandoci di questi ulteriori costi e di lasciare invariato il nostro tariffario, mantenendo ovviamente invariata la qualit\u00e0 e la sicurezza delle nostre procedure. L\u2019unico cambiamento riguarder\u00e0 le visite di controllo (eseguite come unica prestazione) che d\u2019ora in poi avranno un costo. Mai come in questo momento bisogna diffidare del prezzo pi\u00f9 basso: le prestazioni a basso costo, oltre che essere di bassa qualit\u00e0, possono sottendere rischi igienico-sanitari che non ci si pu\u00f2 permettere di correre in un momento come questo. <br \/>\nVi ringraziamo per la fiducia che ci avete finora accordato e vi auguriamo di affrontare la prossima fase in salute, con decisione ed un po\u2019 di ottimismo. <br \/>\nDr. Franco Ventricelli e collaboratori.<\/p>\n<p><!-- \/divi:paragraph -->[\/et_pb_text][\/et_pb_column][\/et_pb_row][\/et_pb_section]<\/p>\n","protected":false},"excerpt":{"rendered":"<p>Ansia per le cure odontoiatriche a causa del Covid 19<\/p>\n","protected":false},"author":3,"featured_media":547,"comment_status":"closed","ping_status":"open","sticky":false,"template":"","format":"standard","meta":{"_et_pb_use_builder":"on","_et_pb_old_content":"<!-- wp:paragraph -->\n<p>Siamo consapevoli del fatto che il sottoporsi a cure odontoiatriche possa creare qualche apprensione a causa del Covid-19. La vostra preoccupazione \u00e8 pienamente condivisa da noi operatori sanitari che siamo i pi\u00f9 esposti al rischio ma, proprio per questo, informati e preparati per affrontare il problema. Il nostro lavoro da sempre ci ha obbligati a mettere in atto tutti i protocolli necessari alla prevenzione delle infezioni crociate perch\u00e9 nella bocca ci sono molte decine di specie diverse di microbi che possono causare diverse malattie. Tutto il personale dello studio \u00e8 quindi da sempre in grado di gestire il problema.<\/p>\n<!-- \/wp:paragraph -->\n\n<!-- wp:paragraph -->\n<p>E\u2019 chiaro che il Covid-19 \u00e8 un virus nuovo e molto contagioso che ci ha cambiato la vita ma con il quale dobbiamo imparare a convivere. Per quanto ci riguarda, siamo costantemente informati sulle pratiche consigliate dal Ministero della Salute e dalle Societ\u00e0 scientifiche, che mettiamo in pratica nel modo pi\u00f9 scrupoloso e tempestivo possibile. <\/p>\n<!-- \/wp:paragraph -->\n\n<!-- wp:paragraph -->\n<p>Purtroppo tutto ci\u00f2 avr\u00e0 un costo economico: \u00e8 noto che per via dell\u2019emergenza il prezzo dei dispositivi di protezione individuale e dei disinfettanti \u00e8 aumentato in modo talvolta ingiustificato. Inoltre, dovremo adottare delle procedure di sanificazione e sanitizzazione che richiederanno pi\u00f9 tempo per essere messe in atto e che ci obbligheranno a ricevere meno pazienti. Questo dovrebbe comportare un ricarico sul prezzo delle prestazioni che eroghiamo. <\/p>\n<!-- \/wp:paragraph -->\n\n<!-- wp:paragraph -->\n<p>Tuttavia, questo maledetto virus ci ha anche indebolito tutti sul piano economico. Pertanto, abbiamo deciso di andare incontro ai nostri pazienti caricandoci di questi ulteriori costi e di lasciare invariato il nostro tariffario, mantenendo ovviamente invariata la qualit\u00e0 e la sicurezza delle nostre procedure. L\u2019unico cambiamento riguarder\u00e0 le visite di controllo (eseguite come unica prestazione) che d\u2019ora in poi avranno un costo. Mai come in questo momento bisogna diffidare del prezzo pi\u00f9 basso: le prestazioni a basso costo, oltre che essere di bassa qualit\u00e0, possono sottendere rischi igienico-sanitari che non ci si pu\u00f2 permettere di correre in un momento come questo. <br>\nVi ringraziamo per la fiducia che ci avete finora accordato e vi auguriamo di affrontare la prossima fase in salute, con decisione ed un po\u2019 di ottimismo. <br>\nDr. Franco Ventricelli e collaboratori.<\/p>\n<!-- \/wp:paragraph -->","_et_gb_content_width":""},"categories":[8],"tags":[9],"_links":{"self":[{"href":"https:\/\/studioventricelli.it\/wp17\/wp-json\/wp\/v2\/posts\/541"}],"collection":[{"href":"https:\/\/studioventricelli.it\/wp17\/wp-json\/wp\/v2\/posts"}],"about":[{"href":"https:\/\/studioventricelli.it\/wp17\/wp-json\/wp\/v2\/types\/post"}],"author":[{"embeddable":true,"href":"https:\/\/studioventricelli.it\/wp17\/wp-json\/wp\/v2\/users\/3"}],"replies":[{"embeddable":true,"href":"https:\/\/studioventricelli.it\/wp17\/wp-json\/wp\/v2\/comments?post=541"}],"version-history":[{"count":6,"href":"https:\/\/studioventricelli.it\/wp17\/wp-json\/wp\/v2\/posts\/541\/revisions"}],"predecessor-version":[{"id":548,"href":"https:\/\/studioventricelli.it\/wp17\/wp-json\/wp\/v2\/posts\/541\/revisions\/548"}],"wp:featuredmedia":[{"embeddable":true,"href":"https:\/\/studioventricelli.it\/wp17\/wp-json\/wp\/v2\/media\/547"}],"wp:attachment":[{"href":"https:\/\/studioventricelli.it\/wp17\/wp-json\/wp\/v2\/media?parent=541"}],"wp:term":[{"taxonomy":"category","embeddable":true,"href":"https:\/\/studioventricelli.it\/wp17\/wp-json\/wp\/v2\/categories?post=541"},{"taxonomy":"post_tag","embeddable":true,"href":"https:\/\/studioventricelli.it\/wp17\/wp-json\/wp\/v2\/tags?post=541"}],"curies":[{"name":"wp","href":"https:\/\/api.w.org\/{rel}","templated":true}]}}